{"id":986,"date":"2026-09-02T16:39:44","date_gmt":"2026-09-02T14:39:44","guid":{"rendered":"https:\/\/afaj-fvjg.ch\/?p=986"},"modified":"2026-09-02T16:42:06","modified_gmt":"2026-09-02T14:42:06","slug":"rencontre-annuelle-de-lafaj-fvjg-2026","status":"publish","type":"post","link":"https:\/\/afaj-fvjg.ch\/de\/rencontre-annuelle-de-lafaj-fvjg-2026\/","title":{"rendered":"Rencontre annuelle de l\u2019AFAJ-FVJG 2026"},"content":{"rendered":"<p class=\"wp-block-paragraph\">La rencontre annuelle de l\u2019Amicale Folklorique de l\u2019Arc Jurassien a eu lieu le 30 ao\u00fbt \u00e0 Reconvilier. MERCI au club qui nous accueillait, le <a href=\"https:\/\/www.facebook.com\/people\/Jodlerklub-Jurar%C3%B6sli-Moutier\/100048107658759\/\" target=\"_blank\" rel=\"noopener\">Jodlerclub Jurar\u00f6sli<\/a>, pour l\u2019organisation de ce super moment musical et convivial autour de magnifiques produits du terroir&nbsp;!<\/p>\n\n\n\n<p class=\"wp-block-paragraph\">Et BRAVO \u00e0 tous les clubs et petites formations pour vos prestations, vous faites briller le folklore dans la r\u00e9gion et c\u2019est pr\u00e9cieux.<\/p>\n\n\n\n<hr class=\"wp-block-separator has-alpha-channel-opacity\"\/>\n\n\n\n<p class=\"wp-block-paragraph\"><\/p>\n\n\n\n<p class=\"wp-block-paragraph\">Das j\u00e4hrliche Treffen der Folklorischen Vereinigung vom Jura Gebiet AFAJ-FVJG fand am 30. August in Reconvilier statt. Ein grosses DANKESCH\u00d6N am <a href=\"https:\/\/www.facebook.com\/people\/Jodlerklub-Jurar%C3%B6sli-Moutier\/100048107658759\/\" target=\"_blank\" rel=\"noopener\">Jodlerclub Jurar\u00f6sli<\/a> f\u00fcr die Organisation dieses grossartigen musikalischen und geselligen Ereignisses rund um leckere regionale Spezialit\u00e4ten!<\/p>\n\n\n\n<p class=\"wp-block-paragraph\">Und ein grosses LOB an alle Jodler- und Alphornklubs und kleine Formationen\u2013 ihr bringt die Folklore in der Region zum Strahlen, und das ist von unsch\u00e4tzbarem Wert.<\/p>","protected":false},"excerpt":{"rendered":"<p>La rencontre annuelle de l\u2019Amicale Folklorique de l\u2019Arc Jurassien a eu lieu le 30 ao\u00fbt \u00e0 Reconvilier. MERCI au club qui nous accueillait, le Jodlerclub Jurar\u00f6sli, pour l\u2019organisation de ce [&hellip;]<\/p>","protected":false},"author":1,"featured_media":990,"comment_status":"closed","ping_status":"open","sticky":false,"template":"","format":"standard","meta":{"_EventAllDay":false,"_EventTimezone":"","_EventStartDate":"","_EventEndDate":"","_EventStartDateUTC":"","_EventEndDateUTC":"","_EventShowMap":false,"_EventShowMapLink":false,"_EventURL":"","_EventCost":"","_EventCostDescription":"","_EventCurrencySymbol":"","_EventCurrencyCode":"","_EventCurrencyPosition":"","_EventDateTimeSeparator":"","_EventTimeRangeSeparator":"","_EventOrganizerID":[],"_EventVenueID":[],"_OrganizerEmail":"","_OrganizerPhone":"","_OrganizerWebsite":"","_VenueAddress":"","_VenueCity":"","_VenueCountry":"","_VenueProvince":"","_VenueState":"","_VenueZip":"","_VenuePhone":"","_VenueURL":"","_VenueStateProvince":"","_VenueLat":"","_VenueLng":"","_VenueShowMap":false,"_VenueShowMapLink":false,"footnotes":""},"categories":[92],"tags":[18,60],"class_list":["post-986","post","type-post","status-publish","format-standard","has-post-thumbnail","hentry","category-afaj-fvjg","tag-afaj-fvjg","tag-jk-jurarosli-moutier"],"_links":{"self":[{"href":"https:\/\/afaj-fvjg.ch\/de\/wp-json\/wp\/v2\/posts\/986","targetHints":{"allow":["GET"]}}],"collection":[{"href":"https:\/\/afaj-fvjg.ch\/de\/wp-json\/wp\/v2\/posts"}],"about":[{"href":"https:\/\/afaj-fvjg.ch\/de\/wp-json\/wp\/v2\/types\/post"}],"author":[{"embeddable":true,"href":"https:\/\/afaj-fvjg.ch\/de\/wp-json\/wp\/v2\/users\/1"}],"replies":[{"embeddable":true,"href":"https:\/\/afaj-fvjg.ch\/de\/wp-json\/wp\/v2\/comments?post=986"}],"version-history":[{"count":0,"href":"https:\/\/afaj-fvjg.ch\/de\/wp-json\/wp\/v2\/posts\/986\/revisions"}],"wp:featuredmedia":[{"embeddable":true,"href":"https:\/\/afaj-fvjg.ch\/de\/wp-json\/wp\/v2\/media\/990"}],"wp:attachment":[{"href":"https:\/\/afaj-fvjg.ch\/de\/wp-json\/wp\/v2\/media?parent=986"}],"wp:term":[{"taxonomy":"category","embeddable":true,"href":"https:\/\/afaj-fvjg.ch\/de\/wp-json\/wp\/v2\/categories?post=986"},{"taxonomy":"post_tag","embeddable":true,"href":"https:\/\/afaj-fvjg.ch\/de\/wp-json\/wp\/v2\/tags?post=986"}],"curies":[{"name":"wp","href":"https:\/\/api.w.org\/{rel}","templated":true}]}}